{"id":12502,"date":"2026-01-27T18:54:16","date_gmt":"2026-01-27T17:54:16","guid":{"rendered":"https:\/\/www.vojta.com.pl\/?p=12502"},"modified":"2026-01-30T01:06:03","modified_gmt":"2026-01-30T00:06:03","slug":"zegnamy-gosie","status":"publish","type":"post","link":"https:\/\/www.vojta.com.pl\/index.php\/2026\/01\/27\/zegnamy-gosie\/","title":{"rendered":"\u017begnamy Gosi\u0119"},"content":{"rendered":"\n<div class=\"wp-block-group alignfull\"><div class=\"wp-block-group__inner-container is-layout-flow wp-block-group-is-layout-flow\">\n<div class=\"wp-block-group alignfull\" style=\"margin-top:0;margin-bottom:0;padding-top:var(--wp--preset--spacing--superbspacing-xxlarge);padding-right:var(--wp--preset--spacing--superbspacing-medium);padding-bottom:var(--wp--preset--spacing--superbspacing-xxlarge);padding-left:var(--wp--preset--spacing--superbspacing-medium)\"><div class=\"wp-block-group__inner-container is-layout-constrained wp-container-core-group-is-layout-451370f2 wp-block-group-is-layout-constrained\">\n<div class=\"wp-block-columns alignwide is-layout-flex wp-container-core-columns-is-layout-d327e3c3 wp-block-columns-is-layout-flex\">\n<div class=\"wp-block-column is-vertically-aligned-center is-layout-flow wp-block-column-is-layout-flow\" style=\"padding-top:0;padding-right:0;padding-bottom:0;padding-left:0\">\n<div class=\"wp-block-group\"><div class=\"wp-block-group__inner-container is-layout-flow wp-block-group-is-layout-flow\">\n<h2 class=\"wp-block-heading has-text-align-left has-primary-color has-text-color has-superbfont-xxsmall-font-size\" style=\"font-style:normal;font-weight:700;letter-spacing:5px;text-transform:uppercase\"><em>\u2665<\/em><\/h2>\n\n\n\n<h4 class=\"wp-block-heading has-text-align-left has-superbfont-xlarge-font-size\"><strong>Z g\u0142\u0119bokim smutkiem \u017cegnamy  dr Ma\u0142gorzat\u0119 Fuchs.<\/strong><\/h4>\n\n\n\n<hr class=\"wp-block-separator has-alpha-channel-opacity\"\/>\n\n\n\n<p>Zmar\u0142a 14 stycznia 2026 roku, po ci\u0119\u017ckiej chorobie, otoczona rodzin\u0105, pozostaj\u0105c godn\u0105 podziwu i aktywn\u0105 do samego ko\u0144ca.<\/p>\n\n\n\n<p>Ma\u0142gorzata (\u201eGosia\u201d) by\u0142a absolwentk\u0105 Akademii Wychowania Fizycznego w Katowicach, kierunku rehabilitacja ruchowa (1994). Od tego samego roku pracowa\u0142a w Oddziale Anestezjologii i Intensywnej Terapii Dzieci i Noworodk\u00f3w Uniwersyteckiego Szpitala Klinicznego w Opolu.&#8217;<\/p>\n\n\n\n<p>Z metod\u0105 Vojty zwi\u0105zana by\u0142a od 2001 roku, kiedy uko\u0144czy\u0142a kurs podstawowy. Po odbyciu \u015bcie\u017cki asystenckiej w latach 2007\u20132015, od 2015 roku pracowa\u0142a r\u00f3wnie\u017c jako nauczyciel metody Vojty.<\/p>\n\n\n\n<figure class=\"wp-block-image size-large\"><img loading=\"lazy\" decoding=\"async\" width=\"1024\" height=\"576\" src=\"https:\/\/www.vojta.com.pl\/wp-content\/uploads\/2026\/01\/Gosia-plaza-1024x576.jpeg\" alt=\"\" class=\"wp-image-12505\" srcset=\"https:\/\/www.vojta.com.pl\/wp-content\/uploads\/2026\/01\/Gosia-plaza-1024x576.jpeg 1024w, https:\/\/www.vojta.com.pl\/wp-content\/uploads\/2026\/01\/Gosia-plaza-300x169.jpeg 300w, https:\/\/www.vojta.com.pl\/wp-content\/uploads\/2026\/01\/Gosia-plaza-768x432.jpeg 768w, https:\/\/www.vojta.com.pl\/wp-content\/uploads\/2026\/01\/Gosia-plaza-1536x864.jpeg 1536w, https:\/\/www.vojta.com.pl\/wp-content\/uploads\/2026\/01\/Gosia-plaza-1320x743.jpeg 1320w, https:\/\/www.vojta.com.pl\/wp-content\/uploads\/2026\/01\/Gosia-plaza.jpeg 2048w\" sizes=\"auto, (max-width: 1024px) 100vw, 1024px\" \/><\/figure>\n\n\n\n<p>Bra\u0142a udzia\u0142 w licznych konferencjach i sympozjach, dziel\u0105c si\u0119 wiedz\u0105 oraz do\u015bwiadczeniem z zakresu fizjoterapii dzieci\u0119cej, ze szczeg\u00f3lnym uwzgl\u0119dnieniem terapii metod\u0105 Vojty. W 2007 roku uzyska\u0142a stopie\u0144 doktora nauk o kulturze fizycznej, przedstawiaj\u0105c rozpraw\u0119 pt. <em>\u201eWp\u0142yw terapii metod\u0105 Vojty na czynno\u015b\u0107 dolnych dr\u00f3g moczowych u dzieci z przepuklin\u0105 oponowo-rdzeniow\u0105\u201d<\/em>. By\u0142a r\u00f3wnie\u017c uczestniczk\u0105 licznych spotka\u0144 certyfikowanych terapeut\u00f3w, m.in. we Wroc\u0142awiu, Zabrzu i Warszawie.<\/p>\n\n\n\n<p>W 2002 roku uzyska\u0142a tytu\u0142 Specjalisty Rehabilitacji Medycznej I stopnia. W latach 2004\u20132007 odby\u0142a szkolenie specjalizacyjne II stopnia w zakresie rehabilitacji ruchowej, zako\u0144czone egzaminem teoretycznym i praktycznym, uzyskuj\u0105c tytu\u0142 Specjalisty Rehabilitacji Medycznej II stopnia.<\/p>\n\n\n\n<p>W latach 2007\u20132017 pracowa\u0142a tak\u017ce jako adiunkt na Wydziale Wychowania Fizycznego i Fizjoterapii Politechniki Opolskiej.<\/p>\n\n\n\n<p>Z ogromnym oddaniem pomaga\u0142a innym, dziel\u0105c si\u0119 wiedz\u0105, empati\u0105 i uwa\u017cno\u015bci\u0105 na drugiego cz\u0142owieka. W codziennej pracy wspiera\u0142a swoich pacjent\u00f3w oraz ich rodziny, aktywnie szkoli\u0142a liczne grono fizjoterapeut\u00f3w i by\u0142a wzorowym mentorem dla swoich asystent\u00f3w.<\/p>\n\n\n\n<p>Kocha\u0142a podr\u00f3\u017ce \u2014 zar\u00f3wno te bliskie, jak i dalekie \u2014 a ciekawo\u015b\u0107 \u015bwiata i ludzi towarzyszy\u0142a jej przez ca\u0142e \u017cycie.<\/p>\n\n\n\n<p> Wyruszaj\u0105c w ostatni\u0105 drog\u0119, pozostawi\u0142a po sobie ogromn\u0105 wdzi\u0119czno\u015b\u0107, <\/p>\n\n\n\n<p>ciep\u0142o i pami\u0119\u0107.<\/p>\n\n\n\n<hr class=\"wp-block-separator has-alpha-channel-opacity\"\/>\n\n\n\n<figure class=\"wp-block-video\"><video height=\"576\" style=\"aspect-ratio: 1024 \/ 576;\" width=\"1024\" controls src=\"https:\/\/www.vojta.com.pl\/wp-content\/uploads\/2026\/01\/film.mp4\"><\/video><\/figure>\n<\/div><\/div>\n<\/div>\n<\/div>\n<\/div><\/div>\n<\/div><\/div>\n","protected":false},"excerpt":{"rendered":"<p>\u2665 Z g\u0142\u0119bokim smutkiem \u017cegnamy dr Ma\u0142gorzat\u0119 Fuchs. Zmar\u0142a 14 stycznia 2026 roku, po ci\u0119\u017ckiej chorobie, otoczona rodzin\u0105, pozostaj\u0105c godn\u0105 podziwu i aktywn\u0105 do samego ko\u0144ca. Ma\u0142gorzata (\u201eGosia\u201d) by\u0142a absolwentk\u0105 Akademii Wychowania Fizycznego w Katowicach, kierunku rehabilitacja ruchowa (1994). Od tego samego roku pracowa\u0142a w Oddziale Anestezjologii i Intensywnej Terapii Dzieci i Noworodk\u00f3w Uniwersyteckiego Szpitala [&hellip;]<\/p>\n","protected":false},"author":1,"featured_media":12506,"comment_status":"closed","ping_status":"open","sticky":false,"template":"","format":"standard","meta":{"_bbp_topic_count":0,"_bbp_reply_count":0,"_bbp_total_topic_count":0,"_bbp_total_reply_count":0,"_bbp_voice_count":0,"_bbp_anonymous_reply_count":0,"_bbp_topic_count_hidden":0,"_bbp_reply_count_hidden":0,"_bbp_forum_subforum_count":0,"footnotes":""},"categories":[23],"tags":[185,517,519,79,518],"class_list":["post-12502","post","type-post","status-publish","format-standard","has-post-thumbnail","hentry","category-ogloszenia","tag-fuchs","tag-malgorzata","tag-pozegnanie","tag-vojta","tag-wspominki"],"_links":{"self":[{"href":"https:\/\/www.vojta.com.pl\/index.php\/wp-json\/wp\/v2\/posts\/12502","targetHints":{"allow":["GET"]}}],"collection":[{"href":"https:\/\/www.vojta.com.pl\/index.php\/wp-json\/wp\/v2\/posts"}],"about":[{"href":"https:\/\/www.vojta.com.pl\/index.php\/wp-json\/wp\/v2\/types\/post"}],"author":[{"embeddable":true,"href":"https:\/\/www.vojta.com.pl\/index.php\/wp-json\/wp\/v2\/users\/1"}],"replies":[{"embeddable":true,"href":"https:\/\/www.vojta.com.pl\/index.php\/wp-json\/wp\/v2\/comments?post=12502"}],"version-history":[{"count":4,"href":"https:\/\/www.vojta.com.pl\/index.php\/wp-json\/wp\/v2\/posts\/12502\/revisions"}],"predecessor-version":[{"id":12510,"href":"https:\/\/www.vojta.com.pl\/index.php\/wp-json\/wp\/v2\/posts\/12502\/revisions\/12510"}],"wp:featuredmedia":[{"embeddable":true,"href":"https:\/\/www.vojta.com.pl\/index.php\/wp-json\/wp\/v2\/media\/12506"}],"wp:attachment":[{"href":"https:\/\/www.vojta.com.pl\/index.php\/wp-json\/wp\/v2\/media?parent=12502"}],"wp:term":[{"taxonomy":"category","embeddable":true,"href":"https:\/\/www.vojta.com.pl\/index.php\/wp-json\/wp\/v2\/categories?post=12502"},{"taxonomy":"post_tag","embeddable":true,"href":"https:\/\/www.vojta.com.pl\/index.php\/wp-json\/wp\/v2\/tags?post=12502"}],"curies":[{"name":"wp","href":"https:\/\/api.w.org\/{rel}","templated":true}]}}